{"id":1225,"date":"2024-05-24T13:05:49","date_gmt":"2024-05-24T16:05:49","guid":{"rendered":"https:\/\/alanleal-econ.com\/?p=1225"},"modified":"2024-08-08T14:17:06","modified_gmt":"2024-08-08T17:17:06","slug":"quando-vamos-aceder-a-ocde-aparentemente-nao-agora","status":"publish","type":"post","link":"https:\/\/alanleal-econ.com\/index.php\/2024\/05\/24\/quando-vamos-aceder-a-ocde-aparentemente-nao-agora\/","title":{"rendered":"Quando vamos aceder \u00e0 OCDE? Aparentemente n\u00e3o agora"},"content":{"rendered":"\n<p id=\"ember591\">O processo de acess\u00e3o do Brasil \u00e0 OCDE que se iniciou oficialmente em Junho de 2022 com a publica\u00e7\u00e3o do <em>roadmap <\/em>de acess\u00e3o e que foi sucedido pelo memorando de acess\u00e3o enviado pelo Brasil \u00e0 OCDE em setembro desse mesmo ano est\u00e1 atualmente paralisado. O <a href=\"https:\/\/www.gov.br\/casacivil\/pt-br\/assuntos\/colegiados\/ocde\/processo-de-acessao-brasil-ocde\/painel-brasil-na-ocde\">painel da OCDE<\/a>, pelo governo federal, indica que n\u00e3o h\u00e1 nenhum novo instrumento legal que o Brasil se adequou desde 2022. Adicionalmente, ainda que n\u00e3o haja nenhum progresso do Brasil nesse ajuste regulat\u00f3rio de suas leis e normas ao <em>acquis<\/em> da OCDE, n\u00e3o h\u00e1 ainda mais importantemente nenhum novo desenvolvimento em rela\u00e7\u00e3o a respostas do Brasil ao <em>roadmap<\/em> de acess\u00e3o.<\/p>\n\n\n\n<p id=\"ember592\">De um ponto de vista ambiental, o <em>roadmap<\/em> de acess\u00e3o enfatiza o papel do Brasil em ter regula\u00e7\u00f5es funcionais, que permitam, incentivem e protejam a vida de ind\u00edgenas e ambientalistas no que concerne a sua viv\u00eancia na floresta. A OCDE n\u00e3o possui regula\u00e7\u00e3o n\u00e3o-vinculantes no sentido de prote\u00e7\u00e3o gen\u00e9tica e o Brasil poderia contribuir com a organiza\u00e7\u00e3o e se proteger ao trazer para o debate quest\u00f5es ambientais relevantes para um pa\u00eds com maior floresta tropical do mundo.<\/p>\n\n\n\n<p id=\"ember593\">Oficialmente, o governo atual responde via Lei de Acesso \u00e0 Informa\u00e7\u00e3o, solicitada em abril de 2024, que o processo de acess\u00e3o do Brasil \u00e0 OCDE \u00e9 uma prioridade para ele, contudo os sinais s\u00e3o bastante d\u00edspares quanto a isso. Nenhum novo desenvolvimento nesse processo de acess\u00e3o h\u00e1 quase 1,5 ano \u00e9 uma evid\u00eancia bastante clara que o governo atual n\u00e3o v\u00ea a acess\u00e3o \u00e0 OCDE como um facilitador de seus objetivos de curto-prazo.<\/p>\n\n\n\n<p id=\"ember594\">Apesar de eu ter escrito sobre a OCDE em v\u00e1rios momentos no passado (<a href=\"https:\/\/alanleal-econ.com\/index.php\/policy\/\">mais trabalhos sobre a OCDE est\u00e3o dispon\u00edveis no meu site<\/a>), \u00e9 sempre interessante enfatizar que mais do que o &#8220;clube dos pa\u00edses ricos&#8221;, tendo pa\u00edses subdesenvolvidos em sua composi\u00e7\u00e3o, a OCDE \u00e9 um clube das melhores pr\u00e1ticas, \u00e9 ainda sobretudo um f\u00f3rum no qual pol\u00edticas p\u00fablicas podem ser testadas, avaliadas e discutidas de forma a criar regula\u00e7\u00e3o e recomenda\u00e7\u00f5es robustas e verificadas. Adicionalmente, conforme mencionado anteriormente, h\u00e1 uma gama de quest\u00f5es de interesse do Brasil por suas peculiaridades territoriais, ambientais e demogr\u00e1ficas que poderiam beneficiar sobremaneira o pa\u00eds em ter o status de membro frente \u00e0 OCDE de membro e n\u00e3o simplesmente o de pa\u00eds-convidado. Em termos ambientais, um melhor ajuste regulat\u00f3rio do Brasil ao acquis da OCDE contribuiria por enfatizar o que j\u00e1 fazemos bem em termos de nossos \u00f3rg\u00e3os de prote\u00e7\u00e3o ambiental e como o Brasil \u00e9 confi\u00e1vel de um ponto de vista ambiental e econ\u00f4mico. Na pr\u00e1tica, pertencer \u00e0 OCDE aumentaria o apelo do Brasil como destino de investimentos internacionais diversos.<\/p>\n\n\n\n<p id=\"ember595\">Em termos conclusivos, fazer parte da OCDE reduziria o ru\u00eddo administrativo e pol\u00edtico que sempre ocorre nas transi\u00e7\u00f5es de poder de polos pol\u00edticos opostos, na medida em que condicionaria o pa\u00eds a um conjunto de melhores pr\u00e1ticas que condicionariam nossos pol\u00edticos a pensarem mais no longo prazo do Brasil em termos de pol\u00edtica p\u00fablica, inv\u00e9s de direcionar toda sua energia em implementar uma pol\u00edtica p\u00fablica curto-prazista que prejudica gera\u00e7\u00f5es futuras e o meio ambiente.<\/p>\n\n\n\n<p id=\"ember596\"><strong>Gloss\u00e1rio<\/strong><\/p>\n\n\n\n<p id=\"ember597\"><em>Acquis<\/em> da OCDE: conjunto de regula\u00e7\u00f5es da OCDE, sejam elas vinculantes ou n\u00e3o.<\/p>\n\n\n\n<p id=\"ember598\">Ajuste\/Encaixe Regulat\u00f3rio: capacidade das normas brasileiras se encaixarem ao <em>acquis<\/em> da OCDE.<\/p>\n\n\n\n<p id=\"ember599\">OCDE: Organiza\u00e7\u00e3o para Coopera\u00e7\u00e3o e Desenvolvimento Econ\u00f4mico.<\/p>\n","protected":false},"excerpt":{"rendered":"<p>O processo de acess\u00e3o do Brasil \u00e0 OCDE que se iniciou oficialmente em Junho de 2022 com a publica\u00e7\u00e3o do roadmap de acess\u00e3o e que foi sucedido pelo memorando de acess\u00e3o enviado pelo Brasil \u00e0 OCDE em setembro desse mesmo ano est\u00e1 atualmente paralisado. O painel da OCDE, pelo governo federal, indica que n\u00e3o h\u00e1[&hellip;]<\/p>\n","protected":false},"author":1,"featured_media":0,"comment_status":"closed","ping_status":"closed","sticky":false,"template":"","format":"standard","meta":{"zakra_general_container_width":0,"zakra_general_content_width":0,"zakra_general_sidebar_width":0,"zakra_sticky_header":"customizer","zakra_header_main_area":true,"zakra_site_logo_width":0,"zakra_header_top_enabled":"customizer","zakra_header_top_style":"customizer","zakra_primary_menu_item_style":"customizer","zakra_page_header_text_color":"","zakra_page_header_layout":"customizer","zakra_page_title_bg":"","zakra_footer_widgets_bg_image":0,"zakra_page_title_bg_repeat":"customizer","zakra_page_title_bg_position":"customizer","zakra_page_title_bg_size":"customizer","zakra_page_title_bg_attachment":"customizer","zakra_breadcrumbs_enabled":"customizer","zakra_breadcrumbs_text_color":"","zakra_breadcrumbs_separator_color":"","zakra_breadcrumbs_link_color":"","zakra_breadcrumbs_link_hover_color":"","zakra_page_title_bg_image":0,"zakra_footer_widgets_enabled":"customizer","zakra_footer_column_layout_1_style":"customizer","zakra_footer_widgets_bg":"","zakra_footer_widgets_bg_repeat":"customizer","zakra_footer_widgets_bg_position":"customizer","zakra_footer_widgets_bg_size":"customizer","zakra_footer_widgets_bg_attachment":"customizer","zakra_footer_bar_enabled":"customizer","zakra_footer_bar_style":"customizer","zakra_page_container_layout":"centered","zakra_page_sidebar_layout":"no_sidebar","zakra_remove_content_margin":false,"zakra_sidebar":"customizer","zakra_transparent_header":"customizer","zakra_logo":0,"zakra_main_header_style":"default","zakra_menu_item_color":"","zakra_menu_item_hover_color":"","zakra_menu_item_active_color":"","zakra_menu_active_style":"","zakra_page_header":true,"_coblocks_attr":"","_coblocks_dimensions":"","_coblocks_responsive_height":"","_coblocks_accordion_ie_support":"","_uag_custom_page_level_css":"","jetpack_post_was_ever_published":false,"_jetpack_newsletter_access":"","_jetpack_dont_email_post_to_subs":false,"_jetpack_newsletter_tier_id":0,"_jetpack_memberships_contains_paywalled_content":false,"_jetpack_memberships_contains_paid_content":false,"footnotes":""},"categories":[7],"tags":[],"class_list":["post-1225","post","type-post","status-publish","format-standard","hentry","category-envl-econ"],"jetpack_featured_media_url":"","uagb_featured_image_src":{"full":false,"thumbnail":false,"medium":false,"medium_large":false,"large":false,"1536x1536":false,"2048x2048":false,"zakra-thumb-size-one":false,"zakra-thumb-size-two":false},"uagb_author_info":{"display_name":"Alan Leal","author_link":"https:\/\/alanleal-econ.com\/index.php\/author\/alanmarqueslealhotmail-com\/"},"uagb_comment_info":0,"uagb_excerpt":"O processo de acess\u00e3o do Brasil \u00e0 OCDE que se iniciou oficialmente em Junho de 2022 com a publica\u00e7\u00e3o do roadmap de acess\u00e3o e que foi sucedido pelo memorando de acess\u00e3o enviado pelo Brasil \u00e0 OCDE em setembro desse mesmo ano est\u00e1 atualmente paralisado. O painel da OCDE, pelo governo federal, indica que n\u00e3o h\u00e1[&hellip;]","jetpack_sharing_enabled":true,"_links":{"self":[{"href":"https:\/\/alanleal-econ.com\/index.php\/wp-json\/wp\/v2\/posts\/1225","targetHints":{"allow":["GET"]}}],"collection":[{"href":"https:\/\/alanleal-econ.com\/index.php\/wp-json\/wp\/v2\/posts"}],"about":[{"href":"https:\/\/alanleal-econ.com\/index.php\/wp-json\/wp\/v2\/types\/post"}],"author":[{"embeddable":true,"href":"https:\/\/alanleal-econ.com\/index.php\/wp-json\/wp\/v2\/users\/1"}],"replies":[{"embeddable":true,"href":"https:\/\/alanleal-econ.com\/index.php\/wp-json\/wp\/v2\/comments?post=1225"}],"version-history":[{"count":1,"href":"https:\/\/alanleal-econ.com\/index.php\/wp-json\/wp\/v2\/posts\/1225\/revisions"}],"predecessor-version":[{"id":1226,"href":"https:\/\/alanleal-econ.com\/index.php\/wp-json\/wp\/v2\/posts\/1225\/revisions\/1226"}],"wp:attachment":[{"href":"https:\/\/alanleal-econ.com\/index.php\/wp-json\/wp\/v2\/media?parent=1225"}],"wp:term":[{"taxonomy":"category","embeddable":true,"href":"https:\/\/alanleal-econ.com\/index.php\/wp-json\/wp\/v2\/categories?post=1225"},{"taxonomy":"post_tag","embeddable":true,"href":"https:\/\/alanleal-econ.com\/index.php\/wp-json\/wp\/v2\/tags?post=1225"}],"curies":[{"name":"wp","href":"https:\/\/api.w.org\/{rel}","templated":true}]}}