{"id":1305,"date":"2024-08-08T13:07:13","date_gmt":"2024-08-08T16:07:13","guid":{"rendered":"https:\/\/alanleal-econ.com\/?p=1305"},"modified":"2024-08-08T14:16:19","modified_gmt":"2024-08-08T17:16:19","slug":"comercio-internacional-e-terra-florestas-alguns-novos-desenvolvimentos","status":"publish","type":"post","link":"https:\/\/alanleal-econ.com\/index.php\/2024\/08\/08\/comercio-internacional-e-terra-florestas-alguns-novos-desenvolvimentos\/","title":{"rendered":"Com\u00e9rcio Internacional e Terra\/Florestas: Alguns Novos Desenvolvimentos"},"content":{"rendered":"<p>Eu publiquei recentemente dois working papers, oriundos da minha tese de doutorado (em desenvolvimento). O <a href=\"https:\/\/ideas.repec.org\/p\/ris\/nereus\/2024_004.html\" target=\"_blank\" rel=\"noopener\">primeiro paper<\/a> versa sobre com\u00e9rcio internacional e uso da terra na Amaz\u00f4nia Legal no contexto do Acordo de Livre Com\u00e9rcio (FTA) UE-Mercosul, com o Prof. Eduardo Haddad , e o <a href=\"https:\/\/ideas.repec.org\/p\/ris\/nereus\/2024_005.html\" target=\"_blank\" rel=\"noopener\">segundo paper<\/a> versa sobre com\u00e9rcio internacional e florestas, com o Prof. Mauricio Bugarin . Este texto visa unificar a problem\u00e1tica desses dois artigos e sintetiza seus principais achados.<\/p>\n<p>Em rela\u00e7\u00e3o ao paper de com\u00e9rcio internacional e uso da terra na Amaz\u00f4nia Legal, o foco foi superar as discuss\u00f5es recorrentes de com\u00e9rcio internacional e meio ambiente que olham unicamente para a vari\u00e1vel ambiental, \u00e0s custas geralmente de aspectos econ\u00f4micos e pol\u00edticos (entenda-se aqui aspectos de economia pol\u00edtica). Ao usar modelos de equil\u00edbrio geral, eu e o prof. Haddad somos capazes de enfatizar que o FTA do UE-Mercosul n\u00e3o necessariamente aumenta o uso da terra em todos os estados da Amaz\u00f4nia Legal. Na verdade, a depender do cen\u00e1rio de tarifas comerciais vigentes nesse acordo comercial, estados da borda da Amaz\u00f4nia Legal ter\u00e3o seus usos da terra variando de forma diferente dos estados da Amaz\u00f4nia Legal. Ademais, a preocupa\u00e7\u00e3o da economia pol\u00edtica aqui se manifesta no aspecto relacionado ao bem estar dos estados da Amaz\u00f4nia Legal em diferentes arranjos tarif\u00e1rios. Assim, por exemplo, um dos cen\u00e1rios que analisamos \u00e9 o aumento das tarifas comerciais sobre produtos prim\u00e1rios, que usam mais intensamente o fator terra. A quest\u00e3o consiste mais precisamente se arranjos de tarifas comerciais s\u00e3o est\u00e1veis ou n\u00e3o, ou seja, se eles beneficiam minimamente o bem estar da maioria dos estados amaz\u00f4nicos. Assim, um equil\u00edbrio de varia\u00e7\u00e3o do uso da terra\/bem estar acoplado ao FTA da UE-Mercosul \u00e9 uma quest\u00e3o que lidamos de forma mais direta em nosso texto, com algum sucesso.<\/p>\n<p>J\u00e1 no paper de com\u00e9rcio internacional e florestas, nosso enfoque se direciona ao esquema de incentivos de com\u00e9rcio e desmatamento que s\u00e3o compat\u00edveis com as prefer\u00eancias de cada pa\u00eds. Ao considerar que pa\u00edses t\u00eam prefer\u00eancias expl\u00edcitas por n\u00edveis de desmatamento e tarifas comerciais, eu e o Prof. Bugarin somos capazes de explicitar e antecipar situa\u00e7\u00f5es \u00e0s quais arranjos comerciais que se importam com o desmatamento devem se atentar. Assim, por exemplo, h\u00e1 o incentivo de carona (free ride), no qual pa\u00edses que se importam pouco com o desmatamento transferem seu papel de preserva\u00e7\u00e3o das florestas para os pa\u00edses que se importam mais. Al\u00e9m disso, tamb\u00e9m encontramos uma rela\u00e7\u00e3o expl\u00edcita de que as tarifas comerciais num acordo entre dois pa\u00edses tendem a ser menores para o pa\u00eds que tolera mais o desmatamento. Conclu\u00edmos o paper mencionando que campanhas de mudan\u00e7a da opini\u00e3o p\u00fablica quanto ao desmatamento s\u00e3o cruciais para causar respostas mais en\u00e9rgicas dos pa\u00edses, principalmente no que tange a tarifas comerciais &#8211; que no nosso paper, pode ser vista como a tarifa da na\u00e7\u00e3o mais favorecida (MFN).<\/p>\n<p>Em termos conclusivos, a rela\u00e7\u00e3o do com\u00e9rcio internacional com o meio ambiente se encontra longe de estar definida. Na verdade, pa\u00edses e blocos econ\u00f4micos est\u00e3o usando desde medidas pr\u00f3-florestas (e.g., EUDR) at\u00e9 permitir o com\u00e9rcio livre de bens oriundos de \u00e1reas desmatadas. Ao mesmo tempo, as discuss\u00f5es de economia pol\u00edtica nessa intersec\u00e7\u00e3o de com\u00e9rcio e meio ambiente ainda \u00e9 incipiente, assim como o uso do com\u00e9rcio para induzir melhores resultados de n\u00e3o desmatamento.<\/p>\n","protected":false},"excerpt":{"rendered":"<p>Eu publiquei recentemente dois working papers, oriundos da minha tese de doutorado (em desenvolvimento). O primeiro paper versa sobre com\u00e9rcio internacional e uso da terra na Amaz\u00f4nia Legal no contexto do Acordo de Livre Com\u00e9rcio (FTA) UE-Mercosul, com o Prof. Eduardo Haddad , e o segundo paper versa sobre com\u00e9rcio internacional e florestas, com o[&hellip;]<\/p>\n","protected":false},"author":1,"featured_media":0,"comment_status":"closed","ping_status":"closed","sticky":false,"template":"","format":"standard","meta":{"zakra_general_container_width":0,"zakra_general_content_width":0,"zakra_general_sidebar_width":0,"zakra_sticky_header":"customizer","zakra_header_main_area":true,"zakra_site_logo_width":0,"zakra_header_top_enabled":"customizer","zakra_header_top_style":"customizer","zakra_primary_menu_item_style":"customizer","zakra_page_header_text_color":"","zakra_page_header_layout":"customizer","zakra_page_title_bg":"","zakra_footer_widgets_bg_image":0,"zakra_page_title_bg_repeat":"customizer","zakra_page_title_bg_position":"customizer","zakra_page_title_bg_size":"customizer","zakra_page_title_bg_attachment":"customizer","zakra_breadcrumbs_enabled":"customizer","zakra_breadcrumbs_text_color":"","zakra_breadcrumbs_separator_color":"","zakra_breadcrumbs_link_color":"","zakra_breadcrumbs_link_hover_color":"","zakra_page_title_bg_image":0,"zakra_footer_widgets_enabled":"customizer","zakra_footer_column_layout_1_style":"customizer","zakra_footer_widgets_bg":"","zakra_footer_widgets_bg_repeat":"customizer","zakra_footer_widgets_bg_position":"customizer","zakra_footer_widgets_bg_size":"customizer","zakra_footer_widgets_bg_attachment":"customizer","zakra_footer_bar_enabled":"customizer","zakra_footer_bar_style":"customizer","zakra_page_container_layout":"centered","zakra_page_sidebar_layout":"no_sidebar","zakra_remove_content_margin":false,"zakra_sidebar":"customizer","zakra_transparent_header":"customizer","zakra_logo":0,"zakra_main_header_style":"default","zakra_menu_item_color":"","zakra_menu_item_hover_color":"","zakra_menu_item_active_color":"","zakra_menu_active_style":"","zakra_page_header":true,"_coblocks_attr":"","_coblocks_dimensions":"","_coblocks_responsive_height":"","_coblocks_accordion_ie_support":"","_uag_custom_page_level_css":"","jetpack_post_was_ever_published":false,"_jetpack_newsletter_access":"","_jetpack_dont_email_post_to_subs":false,"_jetpack_newsletter_tier_id":0,"_jetpack_memberships_contains_paywalled_content":false,"_jetpack_memberships_contains_paid_content":false,"footnotes":""},"categories":[7],"tags":[],"class_list":["post-1305","post","type-post","status-publish","format-standard","hentry","category-envl-econ"],"jetpack_featured_media_url":"","uagb_featured_image_src":{"full":false,"thumbnail":false,"medium":false,"medium_large":false,"large":false,"1536x1536":false,"2048x2048":false,"zakra-thumb-size-one":false,"zakra-thumb-size-two":false},"uagb_author_info":{"display_name":"Alan Leal","author_link":"https:\/\/alanleal-econ.com\/index.php\/author\/alanmarqueslealhotmail-com\/"},"uagb_comment_info":0,"uagb_excerpt":"Eu publiquei recentemente dois working papers, oriundos da minha tese de doutorado (em desenvolvimento). O primeiro paper versa sobre com\u00e9rcio internacional e uso da terra na Amaz\u00f4nia Legal no contexto do Acordo de Livre Com\u00e9rcio (FTA) UE-Mercosul, com o Prof. Eduardo Haddad , e o segundo paper versa sobre com\u00e9rcio internacional e florestas, com o[&hellip;]","jetpack_sharing_enabled":true,"_links":{"self":[{"href":"https:\/\/alanleal-econ.com\/index.php\/wp-json\/wp\/v2\/posts\/1305","targetHints":{"allow":["GET"]}}],"collection":[{"href":"https:\/\/alanleal-econ.com\/index.php\/wp-json\/wp\/v2\/posts"}],"about":[{"href":"https:\/\/alanleal-econ.com\/index.php\/wp-json\/wp\/v2\/types\/post"}],"author":[{"embeddable":true,"href":"https:\/\/alanleal-econ.com\/index.php\/wp-json\/wp\/v2\/users\/1"}],"replies":[{"embeddable":true,"href":"https:\/\/alanleal-econ.com\/index.php\/wp-json\/wp\/v2\/comments?post=1305"}],"version-history":[{"count":2,"href":"https:\/\/alanleal-econ.com\/index.php\/wp-json\/wp\/v2\/posts\/1305\/revisions"}],"predecessor-version":[{"id":1308,"href":"https:\/\/alanleal-econ.com\/index.php\/wp-json\/wp\/v2\/posts\/1305\/revisions\/1308"}],"wp:attachment":[{"href":"https:\/\/alanleal-econ.com\/index.php\/wp-json\/wp\/v2\/media?parent=1305"}],"wp:term":[{"taxonomy":"category","embeddable":true,"href":"https:\/\/alanleal-econ.com\/index.php\/wp-json\/wp\/v2\/categories?post=1305"},{"taxonomy":"post_tag","embeddable":true,"href":"https:\/\/alanleal-econ.com\/index.php\/wp-json\/wp\/v2\/tags?post=1305"}],"curies":[{"name":"wp","href":"https:\/\/api.w.org\/{rel}","templated":true}]}}