{"id":1388,"date":"2025-02-01T15:31:43","date_gmt":"2025-02-01T18:31:43","guid":{"rendered":"https:\/\/alanleal-econ.com\/?p=1388"},"modified":"2025-02-01T15:35:57","modified_gmt":"2025-02-01T18:35:57","slug":"eudr-e-comercio-de-madeira-no-mt","status":"publish","type":"post","link":"https:\/\/alanleal-econ.com\/index.php\/2025\/02\/01\/eudr-e-comercio-de-madeira-no-mt\/","title":{"rendered":"EUDR e Com\u00e9rcio de Madeira no MT"},"content":{"rendered":"\n<figure class=\"wp-block-image size-large\"><img fetchpriority=\"high\" decoding=\"async\" width=\"1024\" height=\"538\" src=\"https:\/\/alanleal-econ.com\/wp-content\/uploads\/2025\/02\/651d18c0a38bc3a600b7d573_EUDR-1024x538.png\" alt=\"\" class=\"wp-image-1389\" srcset=\"https:\/\/alanleal-econ.com\/wp-content\/uploads\/2025\/02\/651d18c0a38bc3a600b7d573_EUDR-1024x538.png 1024w, https:\/\/alanleal-econ.com\/wp-content\/uploads\/2025\/02\/651d18c0a38bc3a600b7d573_EUDR-300x158.png 300w, https:\/\/alanleal-econ.com\/wp-content\/uploads\/2025\/02\/651d18c0a38bc3a600b7d573_EUDR-768x403.png 768w, https:\/\/alanleal-econ.com\/wp-content\/uploads\/2025\/02\/651d18c0a38bc3a600b7d573_EUDR.png 1200w\" sizes=\"(max-width: 1024px) 100vw, 1024px\" \/><figcaption class=\"wp-element-caption\">Cr\u00e9dito: Single.Earth<\/figcaption><\/figure>\n\n\n\n<p id=\"ember788\">A EUDR, prevista para entrar em vigor em janeiro do pr\u00f3ximo ano (2026) , prev\u00ea banir as importa\u00e7\u00f5es europeias de uma gama de bens (soja, carne, borracha, caf\u00e9, \u00f3leo de dend\u00ea, cacau, madeira e derivados), produzidos em \u00e1reas desmatadas ap\u00f3s 31 de dezembro de 2020. A lei almeja tornar o consumo europeu mais verde, ao limpar sua cadeia de suprimentos do desmatamento.<\/p>\n\n\n\n<p id=\"ember789\">Alguns desses bens, como, por exemplo, o \u00f3leo de dend\u00ea n\u00e3o s\u00e3o bens que o Brasil exporta para a Uni\u00e3o Europeia. H\u00e1 ainda outros bens que o Brasil produz massivamente, carne e soja, cujo destino principal n\u00e3o \u00e9 a Uni\u00e3o Europeia, conforme <a href=\"https:\/\/alanleal-econ.com\/wp-content\/uploads\/2024\/09\/bif528-39-42.pdf\">texto<\/a> meu e da Ana Fl\u00e1via Trevizan indicou no ano passado. Ainda assim, a EUDR tamb\u00e9m impactar\u00e1 o Brasil e suas exporta\u00e7\u00f5es via Efeito Bruxelas, isto \u00e9, a capacidade da Uni\u00e3o Europeia em difundir suas regula\u00e7\u00f5es via mecanismos de mercado (<a href=\"https:\/\/books.google.com.br\/books?hl=pt-BR&amp;lr=&amp;id=mZXHDwAAQBAJ&amp;oi=fnd&amp;pg=PP1&amp;dq=bradford+2020+brussels+effect&amp;ots=D_1jHQWUFJ&amp;sig=3ap2vDJXfMFiwTfX8U6QVupaupI&amp;redir_esc=y\">Bradford, 2020<\/a>).<\/p>\n\n\n\n<p id=\"ember790\">Considerando esse contexto econ\u00f4mico e regulat\u00f3rio, Ana Fl\u00e1via Trevizan, eu e Victor Valle publicamos um artigo no <em>International Journal for the Semiotics of Law<\/em>, que pode ser lido <a href=\"http:\/\/doi.org\/10.1007\/s11196-025-10250-7\">aqui<\/a>, detalhando as peculiaridades da aplica\u00e7\u00e3o da EUDR no com\u00e9rcio madeireiro do Mato Grosso, de um ponto de vista legal e econ\u00f4mico.<\/p>\n\n\n\n<p id=\"ember791\">Inicialmente, \u00e9 relevante mencionar que h\u00e1 um desencaixe regulat\u00f3rio entre a EUDR e a lei de desmatamento brasileiro. A primeira pro\u00edbe qualquer desmatamento a partir de 31 de dezembro de 2020, enquanto a legisla\u00e7\u00e3o brasileira permite certos tipos de desmatamento. Economicamente, a Uni\u00e3o Europeia n\u00e3o \u00e9 um destino relevante para a madeira produzida no Brasil e a legisla\u00e7\u00e3o europeia ignora a produ\u00e7\u00e3o para consumo interno e poss\u00edveis efeitos substitui\u00e7\u00e3o do destino europeu para com\u00e9rcio interno ou outros pa\u00edses, tais como a China.<\/p>\n\n\n\n<p id=\"ember792\">Por fim, o <a href=\"http:\/\/doi.org\/10.1007\/s11196-025-10250-7\">artigo<\/a> \u00e9 esclarecedor em debater esses e outros temas importantes sobre a implementa\u00e7\u00e3o da EUDR, com foco especial no com\u00e9rcio da madeira produzida no Mato Grosso.<\/p>\n","protected":false},"excerpt":{"rendered":"<p>A EUDR, prevista para entrar em vigor em janeiro do pr\u00f3ximo ano (2026) , prev\u00ea banir as importa\u00e7\u00f5es europeias de uma gama de bens (soja, carne, borracha, caf\u00e9, \u00f3leo de dend\u00ea, cacau, madeira e derivados), produzidos em \u00e1reas desmatadas ap\u00f3s 31 de dezembro de 2020. A lei almeja tornar o consumo europeu mais verde, ao[&hellip;]<\/p>\n","protected":false},"author":1,"featured_media":0,"comment_status":"closed","ping_status":"open","sticky":false,"template":"","format":"standard","meta":{"zakra_general_container_width":0,"zakra_general_content_width":0,"zakra_general_sidebar_width":0,"zakra_sticky_header":"customizer","zakra_header_main_area":true,"zakra_site_logo_width":0,"zakra_header_top_enabled":"customizer","zakra_header_top_style":"customizer","zakra_primary_menu_item_style":"customizer","zakra_page_header_text_color":"","zakra_page_header_layout":"customizer","zakra_page_title_bg":"","zakra_footer_widgets_bg_image":0,"zakra_page_title_bg_repeat":"customizer","zakra_page_title_bg_position":"customizer","zakra_page_title_bg_size":"customizer","zakra_page_title_bg_attachment":"customizer","zakra_breadcrumbs_enabled":"customizer","zakra_breadcrumbs_text_color":"","zakra_breadcrumbs_separator_color":"","zakra_breadcrumbs_link_color":"","zakra_breadcrumbs_link_hover_color":"","zakra_page_title_bg_image":0,"zakra_footer_widgets_enabled":"customizer","zakra_footer_column_layout_1_style":"customizer","zakra_footer_widgets_bg":"","zakra_footer_widgets_bg_repeat":"customizer","zakra_footer_widgets_bg_position":"customizer","zakra_footer_widgets_bg_size":"customizer","zakra_footer_widgets_bg_attachment":"customizer","zakra_footer_bar_enabled":"customizer","zakra_footer_bar_style":"customizer","zakra_page_container_layout":"customizer","zakra_page_sidebar_layout":"customizer","zakra_remove_content_margin":false,"zakra_sidebar":"customizer","zakra_transparent_header":"customizer","zakra_logo":0,"zakra_main_header_style":"default","zakra_menu_item_color":"","zakra_menu_item_hover_color":"","zakra_menu_item_active_color":"","zakra_menu_active_style":"","zakra_page_header":true,"_coblocks_attr":"","_coblocks_dimensions":"","_coblocks_responsive_height":"","_coblocks_accordion_ie_support":"","_uag_custom_page_level_css":"","jetpack_post_was_ever_published":false,"_jetpack_newsletter_access":"","_jetpack_dont_email_post_to_subs":false,"_jetpack_newsletter_tier_id":0,"_jetpack_memberships_contains_paywalled_content":false,"_jetpack_memberships_contains_paid_content":false,"footnotes":""},"categories":[7],"tags":[],"class_list":["post-1388","post","type-post","status-publish","format-standard","hentry","category-envl-econ"],"jetpack_featured_media_url":"","uagb_featured_image_src":{"full":false,"thumbnail":false,"medium":false,"medium_large":false,"large":false,"1536x1536":false,"2048x2048":false,"zakra-thumb-size-one":false,"zakra-thumb-size-two":false},"uagb_author_info":{"display_name":"Alan Leal","author_link":"https:\/\/alanleal-econ.com\/index.php\/author\/alanmarqueslealhotmail-com\/"},"uagb_comment_info":0,"uagb_excerpt":"A EUDR, prevista para entrar em vigor em janeiro do pr\u00f3ximo ano (2026) , prev\u00ea banir as importa\u00e7\u00f5es europeias de uma gama de bens (soja, carne, borracha, caf\u00e9, \u00f3leo de dend\u00ea, cacau, madeira e derivados), produzidos em \u00e1reas desmatadas ap\u00f3s 31 de dezembro de 2020. A lei almeja tornar o consumo europeu mais verde, ao[&hellip;]","jetpack_sharing_enabled":true,"_links":{"self":[{"href":"https:\/\/alanleal-econ.com\/index.php\/wp-json\/wp\/v2\/posts\/1388","targetHints":{"allow":["GET"]}}],"collection":[{"href":"https:\/\/alanleal-econ.com\/index.php\/wp-json\/wp\/v2\/posts"}],"about":[{"href":"https:\/\/alanleal-econ.com\/index.php\/wp-json\/wp\/v2\/types\/post"}],"author":[{"embeddable":true,"href":"https:\/\/alanleal-econ.com\/index.php\/wp-json\/wp\/v2\/users\/1"}],"replies":[{"embeddable":true,"href":"https:\/\/alanleal-econ.com\/index.php\/wp-json\/wp\/v2\/comments?post=1388"}],"version-history":[{"count":1,"href":"https:\/\/alanleal-econ.com\/index.php\/wp-json\/wp\/v2\/posts\/1388\/revisions"}],"predecessor-version":[{"id":1390,"href":"https:\/\/alanleal-econ.com\/index.php\/wp-json\/wp\/v2\/posts\/1388\/revisions\/1390"}],"wp:attachment":[{"href":"https:\/\/alanleal-econ.com\/index.php\/wp-json\/wp\/v2\/media?parent=1388"}],"wp:term":[{"taxonomy":"category","embeddable":true,"href":"https:\/\/alanleal-econ.com\/index.php\/wp-json\/wp\/v2\/categories?post=1388"},{"taxonomy":"post_tag","embeddable":true,"href":"https:\/\/alanleal-econ.com\/index.php\/wp-json\/wp\/v2\/tags?post=1388"}],"curies":[{"name":"wp","href":"https:\/\/api.w.org\/{rel}","templated":true}]}}